{"id":965,"date":"2023-09-20T13:48:28","date_gmt":"2023-09-20T11:48:28","guid":{"rendered":"https:\/\/neukoellner-clio.de\/?p=965"},"modified":"2024-03-11T13:19:28","modified_gmt":"2024-03-11T12:19:28","slug":"buschkrugallee-galerie","status":"publish","type":"post","link":"https:\/\/neukoellner-clio.de\/?p=965","title":{"rendered":"Der Friedhof Buschkrugallee"},"content":{"rendered":"\n<p>Bilder vom Friedhof Buschkrugallee. Zuerst ein paar Impressionen. Anschlie\u00dfend kommen Erl\u00e4uterungen zur Struktur eines Friedhofs.<\/p>\n\n\n\nngg_shortcode_0_placeholder\n\n\n\n<p class=\"has-medium-font-size\">Strukturelle Aufteilung eines Friedhofs.<\/p>\n\n\n\n<p>Strukturelemente eines Friedhofs aus der Zeit zum Ende des 19. Jahrhunderts. Die Form dieser Vorortsfriedh\u00f6fe ist gepr\u00e4gt durch Hauptwege, die das Gel\u00e4nde in G\u00e4nze durchschnitten. Diese wurden wiederum durch gleichgro\u00dfe Wege quer im 90 Gradwinkel gekreuzt. Je nach Gr\u00f6\u00dfe kommen unterschiedlich viele Kreuzungen pro Friedhof vor. Die daraus entstehenden Rechtecke werden in Grabfelder unterteilt. Die Rechtecke werden i. d. R. als Abteilungen bezeichnet. Die Aufteilung der Abteilungen sind unterschiedlich. Es gibt zwei Strukturformen. Entweder besteht nur ein Zu- und Ausgang oder sie sind mit zwei Zug\u00e4ngen. Beide Formen kommen h\u00e4ufig gemischt vor. So ist auch auf dem Friedhof Buschkrugallee. Die Abtrennung der Felder ist in klassischer Form durch Eibenhecken erhalten.<\/p>\n\n\n\n<p>Bei steigender Entfernung zur Leichenhalle und Friedhofseingang wird die Aufteilung der Gr\u00e4ber offener und verliert die klassische Struktur. In dem Bereich befinden sich Anlagen f\u00fcr Urnen- und Aschenbegr\u00e4bnisstellen.<\/p>\n\n\n<div class=\"wp-block-image\">\n<figure class=\"aligncenter size-large is-resized\"><img loading=\"lazy\" decoding=\"async\" src=\"https:\/\/neukoellner-clio.de\/wp-content\/uploads\/2023\/09\/FH-Buchkrugallee-0244-1024x678.jpg\" alt=\"\" class=\"wp-image-1021\" width=\"648\" height=\"429\" srcset=\"https:\/\/neukoellner-clio.de\/wp-content\/uploads\/2023\/09\/FH-Buchkrugallee-0244-1024x678.jpg 1024w, https:\/\/neukoellner-clio.de\/wp-content\/uploads\/2023\/09\/FH-Buchkrugallee-0244-300x199.jpg 300w, https:\/\/neukoellner-clio.de\/wp-content\/uploads\/2023\/09\/FH-Buchkrugallee-0244-768x509.jpg 768w, https:\/\/neukoellner-clio.de\/wp-content\/uploads\/2023\/09\/FH-Buchkrugallee-0244-1536x1017.jpg 1536w, https:\/\/neukoellner-clio.de\/wp-content\/uploads\/2023\/09\/FH-Buchkrugallee-0244-2048x1356.jpg 2048w, https:\/\/neukoellner-clio.de\/wp-content\/uploads\/2023\/09\/FH-Buchkrugallee-0244-863x572.jpg 863w, https:\/\/neukoellner-clio.de\/wp-content\/uploads\/2023\/09\/FH-Buchkrugallee-0244-163x108.jpg 163w\" sizes=\"auto, (max-width: 648px) 100vw, 648px\" \/><figcaption class=\"wp-element-caption\">Urnenstelen auf ehemaligen Grabfeld.<\/figcaption><\/figure>\n<\/div>\n\n\n<p>Die folgenden sechs Bilder zeigen Aufteilungen des Friedhofs.<br>Bild 1: Zeigt die Hecken zur Abgrenzung von Grabfeldern.<br>Bild 2: Grabstellen am Hauptweg.<br>Bild 3: Aufl\u00f6sung der strengen Formhaftigkeit<br>Bild 4 und 5: &#8222;Sackgassen&#8220; Grabfeld.<br>Bild 6: Hauptweg mit Blick auf Hecken begrenzte Grabfelder.<\/p>\n\n\n\nngg_shortcode_1_placeholder\n\n\n\n<p><\/p>\n\n\n\n<hr class=\"wp-block-separator has-alpha-channel-opacity\"\/>\n\n\n\n<p class=\"has-medium-font-size\">Impressionen vom Friedhof Buschkrugallee<\/p>\n\n\n\n<figure class=\"wp-block-gallery has-nested-images columns-default is-cropped wp-block-gallery-1 is-layout-flex wp-block-gallery-is-layout-flex\">\n<figure class=\"wp-block-image size-large\"><img loading=\"lazy\" decoding=\"async\" width=\"679\" height=\"1024\" data-id=\"967\" src=\"https:\/\/neukoellner-clio.de\/wp-content\/uploads\/2023\/09\/FH-Buchkrugallee-0049-1-679x1024.jpg\" alt=\"\" class=\"wp-image-967\" srcset=\"https:\/\/neukoellner-clio.de\/wp-content\/uploads\/2023\/09\/FH-Buchkrugallee-0049-1-679x1024.jpg 679w, https:\/\/neukoellner-clio.de\/wp-content\/uploads\/2023\/09\/FH-Buchkrugallee-0049-1-199x300.jpg 199w, https:\/\/neukoellner-clio.de\/wp-content\/uploads\/2023\/09\/FH-Buchkrugallee-0049-1-768x1158.jpg 768w, https:\/\/neukoellner-clio.de\/wp-content\/uploads\/2023\/09\/FH-Buchkrugallee-0049-1-1019x1536.jpg 1019w, https:\/\/neukoellner-clio.de\/wp-content\/uploads\/2023\/09\/FH-Buchkrugallee-0049-1-1358x2048.jpg 1358w, https:\/\/neukoellner-clio.de\/wp-content\/uploads\/2023\/09\/FH-Buchkrugallee-0049-1-863x1301.jpg 863w, https:\/\/neukoellner-clio.de\/wp-content\/uploads\/2023\/09\/FH-Buchkrugallee-0049-1-72x108.jpg 72w, https:\/\/neukoellner-clio.de\/wp-content\/uploads\/2023\/09\/FH-Buchkrugallee-0049-1.jpg 1496w\" sizes=\"auto, (max-width: 679px) 100vw, 679px\" \/><\/figure>\n\n\n\n<figure class=\"wp-block-image size-large\"><img loading=\"lazy\" decoding=\"async\" width=\"1024\" height=\"679\" data-id=\"968\" src=\"https:\/\/neukoellner-clio.de\/wp-content\/uploads\/2023\/09\/FH-Buchkrugallee-0083-1024x679.jpg\" alt=\"\" class=\"wp-image-968\" srcset=\"https:\/\/neukoellner-clio.de\/wp-content\/uploads\/2023\/09\/FH-Buchkrugallee-0083-1024x679.jpg 1024w, https:\/\/neukoellner-clio.de\/wp-content\/uploads\/2023\/09\/FH-Buchkrugallee-0083-300x199.jpg 300w, https:\/\/neukoellner-clio.de\/wp-content\/uploads\/2023\/09\/FH-Buchkrugallee-0083-768x509.jpg 768w, https:\/\/neukoellner-clio.de\/wp-content\/uploads\/2023\/09\/FH-Buchkrugallee-0083-1536x1019.jpg 1536w, https:\/\/neukoellner-clio.de\/wp-content\/uploads\/2023\/09\/FH-Buchkrugallee-0083-2048x1358.jpg 2048w, https:\/\/neukoellner-clio.de\/wp-content\/uploads\/2023\/09\/FH-Buchkrugallee-0083-863x572.jpg 863w, https:\/\/neukoellner-clio.de\/wp-content\/uploads\/2023\/09\/FH-Buchkrugallee-0083-163x108.jpg 163w\" sizes=\"auto, (max-width: 1024px) 100vw, 1024px\" \/><\/figure>\n\n\n\n<figure class=\"wp-block-image size-large\"><img loading=\"lazy\" decoding=\"async\" width=\"1024\" height=\"679\" data-id=\"969\" src=\"https:\/\/neukoellner-clio.de\/wp-content\/uploads\/2023\/09\/FH-Buchkrugallee-0117-1024x679.jpg\" alt=\"\" class=\"wp-image-969\" srcset=\"https:\/\/neukoellner-clio.de\/wp-content\/uploads\/2023\/09\/FH-Buchkrugallee-0117-1024x679.jpg 1024w, https:\/\/neukoellner-clio.de\/wp-content\/uploads\/2023\/09\/FH-Buchkrugallee-0117-300x199.jpg 300w, https:\/\/neukoellner-clio.de\/wp-content\/uploads\/2023\/09\/FH-Buchkrugallee-0117-768x509.jpg 768w, https:\/\/neukoellner-clio.de\/wp-content\/uploads\/2023\/09\/FH-Buchkrugallee-0117-1536x1019.jpg 1536w, https:\/\/neukoellner-clio.de\/wp-content\/uploads\/2023\/09\/FH-Buchkrugallee-0117-2048x1358.jpg 2048w, https:\/\/neukoellner-clio.de\/wp-content\/uploads\/2023\/09\/FH-Buchkrugallee-0117-863x572.jpg 863w, https:\/\/neukoellner-clio.de\/wp-content\/uploads\/2023\/09\/FH-Buchkrugallee-0117-163x108.jpg 163w\" sizes=\"auto, (max-width: 1024px) 100vw, 1024px\" \/><\/figure>\n\n\n\n<figure class=\"wp-block-image size-large\"><img loading=\"lazy\" decoding=\"async\" width=\"1024\" height=\"678\" data-id=\"971\" src=\"https:\/\/neukoellner-clio.de\/wp-content\/uploads\/2023\/09\/FH-Buchkrugallee-0255-1024x678.jpg\" alt=\"\" class=\"wp-image-971\" srcset=\"https:\/\/neukoellner-clio.de\/wp-content\/uploads\/2023\/09\/FH-Buchkrugallee-0255-1024x678.jpg 1024w, https:\/\/neukoellner-clio.de\/wp-content\/uploads\/2023\/09\/FH-Buchkrugallee-0255-300x199.jpg 300w, https:\/\/neukoellner-clio.de\/wp-content\/uploads\/2023\/09\/FH-Buchkrugallee-0255-768x509.jpg 768w, https:\/\/neukoellner-clio.de\/wp-content\/uploads\/2023\/09\/FH-Buchkrugallee-0255-1536x1017.jpg 1536w, https:\/\/neukoellner-clio.de\/wp-content\/uploads\/2023\/09\/FH-Buchkrugallee-0255-2048x1356.jpg 2048w, https:\/\/neukoellner-clio.de\/wp-content\/uploads\/2023\/09\/FH-Buchkrugallee-0255-863x572.jpg 863w, https:\/\/neukoellner-clio.de\/wp-content\/uploads\/2023\/09\/FH-Buchkrugallee-0255-163x108.jpg 163w\" sizes=\"auto, (max-width: 1024px) 100vw, 1024px\" \/><\/figure>\n\n\n\n<figure class=\"wp-block-image size-large\"><img loading=\"lazy\" decoding=\"async\" width=\"1024\" height=\"678\" data-id=\"972\" src=\"https:\/\/neukoellner-clio.de\/wp-content\/uploads\/2023\/09\/FH-Buchkrugallee-0257-1024x678.jpg\" alt=\"\" class=\"wp-image-972\" srcset=\"https:\/\/neukoellner-clio.de\/wp-content\/uploads\/2023\/09\/FH-Buchkrugallee-0257-1024x678.jpg 1024w, https:\/\/neukoellner-clio.de\/wp-content\/uploads\/2023\/09\/FH-Buchkrugallee-0257-300x199.jpg 300w, https:\/\/neukoellner-clio.de\/wp-content\/uploads\/2023\/09\/FH-Buchkrugallee-0257-768x509.jpg 768w, https:\/\/neukoellner-clio.de\/wp-content\/uploads\/2023\/09\/FH-Buchkrugallee-0257-1536x1017.jpg 1536w, https:\/\/neukoellner-clio.de\/wp-content\/uploads\/2023\/09\/FH-Buchkrugallee-0257-2048x1356.jpg 2048w, https:\/\/neukoellner-clio.de\/wp-content\/uploads\/2023\/09\/FH-Buchkrugallee-0257-863x572.jpg 863w, https:\/\/neukoellner-clio.de\/wp-content\/uploads\/2023\/09\/FH-Buchkrugallee-0257-163x108.jpg 163w\" sizes=\"auto, (max-width: 1024px) 100vw, 1024px\" \/><figcaption class=\"wp-element-caption\">Urnenanlage aus dem Jahren 1912. Geplant war eine Rondell mit Wegen, die im Zentrum eine gro\u00dfe Schale zu Dekorationszwecken aufgestellt werden sollte.<\/figcaption><\/figure>\n<\/figure>\n","protected":false},"excerpt":{"rendered":"<p>Bilder vom Friedhof Buschkrugallee. Zuerst ein paar Impressionen. Anschlie\u00dfend kommen Erl\u00e4uterungen zur Struktur eines Friedhofs. Strukturelle Aufteilung eines Friedhofs. Strukturelemente eines Friedhofs aus der Zeit zum Ende des 19. Jahrhunderts. Die Form dieser Vorortsfriedh\u00f6fe ist gepr\u00e4gt durch Hauptwege, die das Gel\u00e4nde in G\u00e4nze durchschnitten. Diese wurden wiederum durch gleichgro\u00dfe Wege quer im 90 Gradwinkel gekreuzt. &hellip; <a href=\"https:\/\/neukoellner-clio.de\/?p=965\" class=\"more-link\"><span class=\"screen-reader-text\">Der Friedhof Buschkrugallee<\/span> weiterlesen<\/a><\/p>\n","protected":false},"author":1,"featured_media":0,"comment_status":"open","ping_status":"open","sticky":false,"template":"","format":"standard","meta":{"ngg_post_thumbnail":0,"footnotes":""},"categories":[10],"tags":[],"class_list":["post-965","post","type-post","status-publish","format-standard","hentry","category-friedhof"],"featured_image_src":null,"featured_image_src_square":null,"author_info":{"display_name":"EBS-Clio","author_link":"https:\/\/neukoellner-clio.de\/?author=1"},"_links":{"self":[{"href":"https:\/\/neukoellner-clio.de\/index.php?rest_route=\/wp\/v2\/posts\/965","targetHints":{"allow":["GET"]}}],"collection":[{"href":"https:\/\/neukoellner-clio.de\/index.php?rest_route=\/wp\/v2\/posts"}],"about":[{"href":"https:\/\/neukoellner-clio.de\/index.php?rest_route=\/wp\/v2\/types\/post"}],"author":[{"embeddable":true,"href":"https:\/\/neukoellner-clio.de\/index.php?rest_route=\/wp\/v2\/users\/1"}],"replies":[{"embeddable":true,"href":"https:\/\/neukoellner-clio.de\/index.php?rest_route=%2Fwp%2Fv2%2Fcomments&post=965"}],"version-history":[{"count":10,"href":"https:\/\/neukoellner-clio.de\/index.php?rest_route=\/wp\/v2\/posts\/965\/revisions"}],"predecessor-version":[{"id":1028,"href":"https:\/\/neukoellner-clio.de\/index.php?rest_route=\/wp\/v2\/posts\/965\/revisions\/1028"}],"wp:attachment":[{"href":"https:\/\/neukoellner-clio.de\/index.php?rest_route=%2Fwp%2Fv2%2Fmedia&parent=965"}],"wp:term":[{"taxonomy":"category","embeddable":true,"href":"https:\/\/neukoellner-clio.de\/index.php?rest_route=%2Fwp%2Fv2%2Fcategories&post=965"},{"taxonomy":"post_tag","embeddable":true,"href":"https:\/\/neukoellner-clio.de\/index.php?rest_route=%2Fwp%2Fv2%2Ftags&post=965"}],"curies":[{"name":"wp","href":"https:\/\/api.w.org\/{rel}","templated":true}]}}