{"id":918,"date":"2023-06-21T15:02:24","date_gmt":"2023-06-21T13:02:24","guid":{"rendered":"https:\/\/neukoellner-clio.de\/?p=918"},"modified":"2023-09-17T13:54:06","modified_gmt":"2023-09-17T11:54:06","slug":"12-neukoellner-zeitreise","status":"publish","type":"post","link":"https:\/\/neukoellner-clio.de\/?p=918","title":{"rendered":"12. Neuk\u00f6llner Zeitreise"},"content":{"rendered":"\n<p>Die 12. Neuk\u00f6llner Zeitreise f\u00fchrt diesmal \u00fcber Neuk\u00f6llner Friedh\u00f6fe. Friedh\u00f6fe, besser Gr\u00e4berfelder, sind bereits aus dem Mittelneolithikum (mittlere Steinzeit) f\u00fcr Neuk\u00f6lln nachgewiesen. Dieser Umstand ist eher f\u00fcr Arch\u00e4ologen interessant. Sichtbare Spurem sind nat\u00fcrlich erst aus der Neuzeit vorhanden. Vor allem die Friedh\u00f6fe aus dem 19. Jahrhundert pr\u00e4gen unser heutiges Bild. Wir finden Spuren aus der Geschichte Neuk\u00f6llns und Berlins. Friedh\u00f6fe sind aber auch ein Ort der Natur. Er ist ein Ort der Ruhe und Kontemplation. Die Friedh\u00f6fe unterscheiden sich. Kommen Sie mit auf die Zeitreise und lernen alte Ort neu kennen.<\/p>\n\n\n\n<p>Anmeldungen f\u00fcr alle vier Veranstaltungen \u00fcber https:\/\/www.vhsit.berlin.de<br>Suchmaske der VHS in Berlin. Stichwort &#8222;Zeitreise&#8220;<\/p>\n\n\n\n<p><strong>Einf\u00fchrungsveranstaltung<\/strong>: 31.08.2023 (Donnerstag)<br>VHS Kurt-L\u00f6wenstein-Haus, Karlsgartenstr. 6, 12049 Berlin. Raum 007<\/p>\n\n\n\n<p>Die <strong>Einzeltermine<\/strong>:<\/p>\n\n\n\n<ul class=\"wp-block-list\">\n<li class=\"has-medium-font-size\">24.09.2023, 15:00 &#8211; ca. 17:15: Rudow und seine Friedh\u00f6fe<br>Eingang zum Friedhof: K\u00f6penicker Str. 131, 12355 Berlin<\/li>\n\n\n\n<li class=\"has-medium-font-size\">15.10.2023, 15:00 &#8211; ca. 17:15: Friedhof Buschkrugallee<br>Eingang zum Friedhof: Buschkrugallee 38, 12359 Berlin<\/li>\n\n\n\n<li class=\"has-medium-font-size\">05.11.2023, 15:00 &#8211; ca. 17:15: Friedh\u00f6fe Hermannstra\u00dfe (alter St. Michael &#8230;)<br>Eingang zum Friedhof: Hermannstr. 191 &#8211; 195, 12049 Berlin<\/li>\n<\/ul>\n\n\n\n<figure class=\"wp-block-gallery has-nested-images columns-default is-cropped wp-block-gallery-1 is-layout-flex wp-block-gallery-is-layout-flex\">\n<figure class=\"wp-block-image size-large\"><img loading=\"lazy\" decoding=\"async\" width=\"678\" height=\"1024\" data-id=\"922\" src=\"https:\/\/neukoellner-clio.de\/wp-content\/uploads\/2023\/06\/FH-michael_Nkln_0014-scaled-1-678x1024.jpg\" alt=\"\" class=\"wp-image-922\" srcset=\"https:\/\/neukoellner-clio.de\/wp-content\/uploads\/2023\/06\/FH-michael_Nkln_0014-scaled-1-678x1024.jpg 678w, https:\/\/neukoellner-clio.de\/wp-content\/uploads\/2023\/06\/FH-michael_Nkln_0014-scaled-1-199x300.jpg 199w, https:\/\/neukoellner-clio.de\/wp-content\/uploads\/2023\/06\/FH-michael_Nkln_0014-scaled-1-768x1159.jpg 768w, https:\/\/neukoellner-clio.de\/wp-content\/uploads\/2023\/06\/FH-michael_Nkln_0014-scaled-1-1018x1536.jpg 1018w, https:\/\/neukoellner-clio.de\/wp-content\/uploads\/2023\/06\/FH-michael_Nkln_0014-scaled-1-1357x2048.jpg 1357w, https:\/\/neukoellner-clio.de\/wp-content\/uploads\/2023\/06\/FH-michael_Nkln_0014-scaled-1-863x1303.jpg 863w, https:\/\/neukoellner-clio.de\/wp-content\/uploads\/2023\/06\/FH-michael_Nkln_0014-scaled-1-72x108.jpg 72w, https:\/\/neukoellner-clio.de\/wp-content\/uploads\/2023\/06\/FH-michael_Nkln_0014-scaled-1.jpg 1696w\" sizes=\"auto, (max-width: 678px) 100vw, 678px\" \/><\/figure>\n\n\n\n<figure class=\"wp-block-image size-large\"><img loading=\"lazy\" decoding=\"async\" width=\"1024\" height=\"678\" data-id=\"921\" src=\"https:\/\/neukoellner-clio.de\/wp-content\/uploads\/2023\/06\/DSC_0106-scaled-1-1024x678.jpg\" alt=\"\" class=\"wp-image-921\" srcset=\"https:\/\/neukoellner-clio.de\/wp-content\/uploads\/2023\/06\/DSC_0106-scaled-1-1024x678.jpg 1024w, https:\/\/neukoellner-clio.de\/wp-content\/uploads\/2023\/06\/DSC_0106-scaled-1-300x199.jpg 300w, https:\/\/neukoellner-clio.de\/wp-content\/uploads\/2023\/06\/DSC_0106-scaled-1-768x509.jpg 768w, https:\/\/neukoellner-clio.de\/wp-content\/uploads\/2023\/06\/DSC_0106-scaled-1-1536x1018.jpg 1536w, https:\/\/neukoellner-clio.de\/wp-content\/uploads\/2023\/06\/DSC_0106-scaled-1-2048x1357.jpg 2048w, https:\/\/neukoellner-clio.de\/wp-content\/uploads\/2023\/06\/DSC_0106-scaled-1-863x572.jpg 863w, https:\/\/neukoellner-clio.de\/wp-content\/uploads\/2023\/06\/DSC_0106-scaled-1-163x108.jpg 163w\" sizes=\"auto, (max-width: 1024px) 100vw, 1024px\" \/><\/figure>\n\n\n\n<figure class=\"wp-block-image size-large\"><img loading=\"lazy\" decoding=\"async\" width=\"1024\" height=\"679\" data-id=\"920\" src=\"https:\/\/neukoellner-clio.de\/wp-content\/uploads\/2023\/06\/buschkrug126-1024x679.jpg\" alt=\"\" class=\"wp-image-920\" srcset=\"https:\/\/neukoellner-clio.de\/wp-content\/uploads\/2023\/06\/buschkrug126-1024x679.jpg 1024w, https:\/\/neukoellner-clio.de\/wp-content\/uploads\/2023\/06\/buschkrug126-300x199.jpg 300w, https:\/\/neukoellner-clio.de\/wp-content\/uploads\/2023\/06\/buschkrug126-768x509.jpg 768w, https:\/\/neukoellner-clio.de\/wp-content\/uploads\/2023\/06\/buschkrug126-1536x1019.jpg 1536w, https:\/\/neukoellner-clio.de\/wp-content\/uploads\/2023\/06\/buschkrug126-2048x1358.jpg 2048w, https:\/\/neukoellner-clio.de\/wp-content\/uploads\/2023\/06\/buschkrug126-863x572.jpg 863w, https:\/\/neukoellner-clio.de\/wp-content\/uploads\/2023\/06\/buschkrug126-163x108.jpg 163w\" sizes=\"auto, (max-width: 1024px) 100vw, 1024px\" \/><\/figure>\n<\/figure>\n","protected":false},"excerpt":{"rendered":"<p>Die 12. Neuk\u00f6llner Zeitreise f\u00fchrt diesmal \u00fcber Neuk\u00f6llner Friedh\u00f6fe. Friedh\u00f6fe, besser Gr\u00e4berfelder, sind bereits aus dem Mittelneolithikum (mittlere Steinzeit) f\u00fcr Neuk\u00f6lln nachgewiesen. Dieser Umstand ist eher f\u00fcr Arch\u00e4ologen interessant. Sichtbare Spurem sind nat\u00fcrlich erst aus der Neuzeit vorhanden. Vor allem die Friedh\u00f6fe aus dem 19. Jahrhundert pr\u00e4gen unser heutiges Bild. Wir finden Spuren aus der &hellip; <a href=\"https:\/\/neukoellner-clio.de\/?p=918\" class=\"more-link\"><span class=\"screen-reader-text\">12. Neuk\u00f6llner Zeitreise<\/span> weiterlesen<\/a><\/p>\n","protected":false},"author":1,"featured_media":0,"comment_status":"open","ping_status":"open","sticky":false,"template":"","format":"standard","meta":{"ngg_post_thumbnail":0,"footnotes":""},"categories":[10,3],"tags":[],"class_list":["post-918","post","type-post","status-publish","format-standard","hentry","category-friedhof","category-fuehrung"],"featured_image_src":null,"featured_image_src_square":null,"author_info":{"display_name":"EBS-Clio","author_link":"https:\/\/neukoellner-clio.de\/?author=1"},"_links":{"self":[{"href":"https:\/\/neukoellner-clio.de\/index.php?rest_route=\/wp\/v2\/posts\/918","targetHints":{"allow":["GET"]}}],"collection":[{"href":"https:\/\/neukoellner-clio.de\/index.php?rest_route=\/wp\/v2\/posts"}],"about":[{"href":"https:\/\/neukoellner-clio.de\/index.php?rest_route=\/wp\/v2\/types\/post"}],"author":[{"embeddable":true,"href":"https:\/\/neukoellner-clio.de\/index.php?rest_route=\/wp\/v2\/users\/1"}],"replies":[{"embeddable":true,"href":"https:\/\/neukoellner-clio.de\/index.php?rest_route=%2Fwp%2Fv2%2Fcomments&post=918"}],"version-history":[{"count":8,"href":"https:\/\/neukoellner-clio.de\/index.php?rest_route=\/wp\/v2\/posts\/918\/revisions"}],"predecessor-version":[{"id":950,"href":"https:\/\/neukoellner-clio.de\/index.php?rest_route=\/wp\/v2\/posts\/918\/revisions\/950"}],"wp:attachment":[{"href":"https:\/\/neukoellner-clio.de\/index.php?rest_route=%2Fwp%2Fv2%2Fmedia&parent=918"}],"wp:term":[{"taxonomy":"category","embeddable":true,"href":"https:\/\/neukoellner-clio.de\/index.php?rest_route=%2Fwp%2Fv2%2Fcategories&post=918"},{"taxonomy":"post_tag","embeddable":true,"href":"https:\/\/neukoellner-clio.de\/index.php?rest_route=%2Fwp%2Fv2%2Ftags&post=918"}],"curies":[{"name":"wp","href":"https:\/\/api.w.org\/{rel}","templated":true}]}}