{"id":1228,"date":"2026-03-12T22:11:32","date_gmt":"2026-03-12T21:11:32","guid":{"rendered":"https:\/\/neukoellner-clio.de\/?p=1228"},"modified":"2026-03-13T00:38:04","modified_gmt":"2026-03-12T23:38:04","slug":"17-neukoellner-zeitreise","status":"publish","type":"post","link":"https:\/\/neukoellner-clio.de\/?p=1228","title":{"rendered":"17. Neuk\u00f6llner Zeitreise"},"content":{"rendered":"\n<p>Die 17. Neuk\u00f6llner Zeitreise f\u00fchrt uns zu unbekannten und unerwarteten Denkm\u00e4ler in Neuk\u00f6lln. Bevor es zu den F\u00fchrungen geht, wird eine Einf\u00fchrungsveranstaltung einen \u00dcberblick \u00fcber den Denkmalschutz geben. Der Norden ist die Keimzelle des Arbeiterbezirks Neuk\u00f6lln. <\/p>\n\n\n\n<p>Die meisten Menschen verbinden mit Denkmalschutz oder Denkmalpflege besonders \u00e4sthetisch geformte Geb\u00e4ude. In den F\u00fchrungen werden wir sehen, dass dies nur begrenzt der Fall ist. Im Gesetzestext hei\u00dft es \u00fcber Baudenkmale, dass deren &#8222;Erhaltung wegen der geschichtlichen, k\u00fcnstlerischen, wissenschaftlichen oder st\u00e4dtebaulichen Bedeutung im Interesse der Allgemeinheit liegt&#8220;. Darin wird deutlich, dass bauliche Denkmale nicht grunds\u00e4tzlich dauerhaft unter Denkmalschutz stehen m\u00fcssen.<\/p>\n\n\n\n<p><mark style=\"background-color:rgba(0, 0, 0, 0)\" class=\"has-inline-color has-vivid-red-color\"><strong>Termine<\/strong><\/mark><\/p>\n\n\n\n<hr class=\"wp-block-separator has-alpha-channel-opacity\"\/>\n\n\n\n<p><strong>1. F\u00fchrung:<\/strong><br>15.03.2026; Sonntag ab 15:00 Uhr<br>Treffpunkt: Kottbusser Br\u00fccke an der Anker-Klause<\/p>\n\n\n\n<p><strong>2. F\u00fchrung:<\/strong><br>19.04.2026; Sonntag ab 15:00 Uhr<br>Treffpunkt: Hermannstr.\/ Ecke Karl-Marx-Str. (Deutsche Bank)<\/p>\n\n\n\n<p><strong>3. F\u00fchrung:<\/strong><br>31.05.2026; Sonntag ab 15:00 Uhr<br>Treffpunkt: Hermannstr. \/ Boddinstr. (Kneipe)<\/p>\n\n\n\n<p><strong>4. F\u00fchrung:<\/strong><br>21.06.2026; Sonntag ab 15:00 Uhr<br>Treffpunkt: Passage Neuk\u00f6lln (Lernladen), Karl-Marx-Str. 131<\/p>\n","protected":false},"excerpt":{"rendered":"<p>Die 17. Neuk\u00f6llner Zeitreise f\u00fchrt uns zu unbekannten und unerwarteten Denkm\u00e4ler in Neuk\u00f6lln. Bevor es zu den F\u00fchrungen geht, wird eine Einf\u00fchrungsveranstaltung einen \u00dcberblick \u00fcber den Denkmalschutz geben. Der Norden ist die Keimzelle des Arbeiterbezirks Neuk\u00f6lln. Die meisten Menschen verbinden mit Denkmalschutz oder Denkmalpflege besonders \u00e4sthetisch geformte Geb\u00e4ude. In den F\u00fchrungen werden wir sehen, dass &hellip; <a href=\"https:\/\/neukoellner-clio.de\/?p=1228\" class=\"more-link\"><span class=\"screen-reader-text\">17. Neuk\u00f6llner Zeitreise<\/span> weiterlesen<\/a><\/p>\n","protected":false},"author":1,"featured_media":0,"comment_status":"open","ping_status":"open","sticky":false,"template":"","format":"standard","meta":{"ngg_post_thumbnail":0,"footnotes":""},"categories":[1],"tags":[],"class_list":["post-1228","post","type-post","status-publish","format-standard","hentry","category-uncategorized"],"featured_image_src":null,"featured_image_src_square":null,"author_info":{"display_name":"EBS-Clio","author_link":"https:\/\/neukoellner-clio.de\/?author=1"},"_links":{"self":[{"href":"https:\/\/neukoellner-clio.de\/index.php?rest_route=\/wp\/v2\/posts\/1228","targetHints":{"allow":["GET"]}}],"collection":[{"href":"https:\/\/neukoellner-clio.de\/index.php?rest_route=\/wp\/v2\/posts"}],"about":[{"href":"https:\/\/neukoellner-clio.de\/index.php?rest_route=\/wp\/v2\/types\/post"}],"author":[{"embeddable":true,"href":"https:\/\/neukoellner-clio.de\/index.php?rest_route=\/wp\/v2\/users\/1"}],"replies":[{"embeddable":true,"href":"https:\/\/neukoellner-clio.de\/index.php?rest_route=%2Fwp%2Fv2%2Fcomments&post=1228"}],"version-history":[{"count":10,"href":"https:\/\/neukoellner-clio.de\/index.php?rest_route=\/wp\/v2\/posts\/1228\/revisions"}],"predecessor-version":[{"id":1255,"href":"https:\/\/neukoellner-clio.de\/index.php?rest_route=\/wp\/v2\/posts\/1228\/revisions\/1255"}],"wp:attachment":[{"href":"https:\/\/neukoellner-clio.de\/index.php?rest_route=%2Fwp%2Fv2%2Fmedia&parent=1228"}],"wp:term":[{"taxonomy":"category","embeddable":true,"href":"https:\/\/neukoellner-clio.de\/index.php?rest_route=%2Fwp%2Fv2%2Fcategories&post=1228"},{"taxonomy":"post_tag","embeddable":true,"href":"https:\/\/neukoellner-clio.de\/index.php?rest_route=%2Fwp%2Fv2%2Ftags&post=1228"}],"curies":[{"name":"wp","href":"https:\/\/api.w.org\/{rel}","templated":true}]}}